[{"@context":"https:\/\/schema.org\/","@type":"Article","@id":"https:\/\/www.moramedica.cz\/estetika-na-prvnim-miste\/#Article","mainEntityOfPage":"https:\/\/www.moramedica.cz\/estetika-na-prvnim-miste\/","headline":"Estetika na prvn\u00edm m\u00edst\u011b","name":"Estetika na prvn\u00edm m\u00edst\u011b","description":"Spousta dosp\u011bl\u00fdch se nechala sly\u0161et, \u017ee by r\u00e1di bojovali se sv\u00fdmi k\u0159iv\u00fdmi zuby. Jedin\u00e9, co je v\u0161ak odrazuje, je estetick\u00e1 str\u00e1nka v\u011bci. P\u0159eci jenom, boj\u00ed se odsouzen\u00ed okol\u00ed, zesm\u011b\u0161n\u011bn\u00ed, anebo se jim to zkr\u00e1tka jen nel\u00edb\u00ed nebo se ho nehod\u00ed k charakteru jejich zam\u011bstn\u00e1n\u00ed. To v\u0161ak na\u0161t\u011bst\u00ed nen\u00ed v dne\u0161n\u00ed dob\u011b d\u016fvod, pro\u010d si odep\u0159\u00edt kr\u00e1sn\u00fd a dokonal\u00fd \u00fasm\u011bv. Existuje [&hellip;]","datePublished":"2020-01-09","dateModified":"2023-04-29","author":{"@type":"Person","@id":"https:\/\/www.moramedica.cz\/author\/#Person","name":"","url":"https:\/\/www.moramedica.cz\/author\/","identifier":1,"image":{"@type":"ImageObject","@id":"https:\/\/secure.gravatar.com\/avatar\/418160ee289a2fec3674f670db35c39ff464fe73fac536520dac7def2cfdeb26?s=96&d=mm&r=g","url":"https:\/\/secure.gravatar.com\/avatar\/418160ee289a2fec3674f670db35c39ff464fe73fac536520dac7def2cfdeb26?s=96&d=mm&r=g","height":96,"width":96}},"publisher":{"@type":"Organization","name":"moramedica.cz","logo":{"@type":"ImageObject","@id":"\/logo.png","url":"\/logo.png","width":600,"height":60}},"image":{"@type":"ImageObject","@id":"https:\/\/www.moramedica.cz\/wp-content\/uploads\/img_a353528_w1712_t1568029642.jpg","url":"https:\/\/www.moramedica.cz\/wp-content\/uploads\/img_a353528_w1712_t1568029642.jpg","height":0,"width":0},"url":"https:\/\/www.moramedica.cz\/estetika-na-prvnim-miste\/","about":["N\u00e1kupy"],"wordCount":414,"articleBody":"     Spousta dosp\u011bl\u00fdch se nechala sly\u0161et, \u017ee by r\u00e1di bojovali se sv\u00fdmi k\u0159iv\u00fdmi zuby. Jedin\u00e9, co je v\u0161ak odrazuje, je estetick\u00e1 str\u00e1nka v\u011bci. P\u0159eci jenom, boj\u00ed se odsouzen\u00ed okol\u00ed, zesm\u011b\u0161n\u011bn\u00ed, anebo se jim to zkr\u00e1tka jen nel\u00edb\u00ed nebo se ho nehod\u00ed k charakteru jejich zam\u011bstn\u00e1n\u00ed. To v\u0161ak na\u0161t\u011bst\u00ed nen\u00ed v dne\u0161n\u00ed dob\u011b d\u016fvod, pro\u010d si odep\u0159\u00edt kr\u00e1sn\u00fd a dokonal\u00fd \u00fasm\u011bv. Existuje toti\u017e \u0159e\u0161en\u00ed, a to v podob\u011b takzvan\u00fdch neviditeln\u00fdch rovn\u00e1tek Petr Ortho. Neviditeln\u00e1 rovn\u00e1tka, kter\u00e1 mo\u017en\u00e1 zn\u00e1te pod n\u00e1zvem INVISALIGN, pat\u0159\u00ed mezi skv\u011blou novinku na poli ortodoncie. Umo\u017e\u0148uj\u00ed z\u00edskat dokonal\u00fd \u00fasm\u011bv naprosto v\u0161em, a to nejenom d\u011btem, ale pr\u00e1v\u011b i dosp\u011bl\u00fdm. O co v\u016fbec jde? Jak je mo\u017en\u00e9, \u017ee nejdou vid\u011bt? Nejedn\u00e1 se o klasick\u00e1 rovn\u00e1tka, jak je dost mo\u017en\u00e1 zn\u00e1te. Jde o pr\u016fhledn\u00e9 plastov\u00e9 f\u00f3lie, kter\u00e9 se nasazuj\u00ed na plo\u0161ky zub\u016f. D\u00edky tomu, \u017ee jsou pr\u016fhledn\u00e9, nejdou prakticky vid\u011bt. Tyto f\u00f3lie pacient nos\u00ed p\u0159es den i p\u0159es noc, sund\u00e1v\u00e1 si je pouze b\u011bhem j\u00eddla a b\u011bhem prov\u00e1d\u011bn\u00ed zubn\u00ed hygieny. Je dobr\u00e9, aby byly no\u0161eny alespo\u0148 22 hodin ka\u017ed\u00fd den, jen tak bude mo\u017en\u00e9 dos\u00e1hnout \u017e\u00e1dan\u00e9ho v\u00fdsledku.Jak\u00e9 jsou v\u00fdhody a nev\u00fdhody? Mezi nejv\u011bt\u0161\u00ed v\u00fdhody rovn\u00e1tek pat\u0159\u00ed rozhodn\u011b ot\u00e1zka esteti\u010dnosti. Jedn\u00e1 se o opravdu kr\u00e1snou a \u010distou pr\u00e1ci, sami se budete c\u00edtit sebev\u011bdom\u011b a f\u00f3lie v\u00e1s nebudou nikterak omezovat. Jak\u00e9 jsou tedy nev\u00fdhody? Pro n\u011bkter\u00e9 to m\u016f\u017ee b\u00fdt cena, kter\u00e1 je samoz\u0159ejm\u011b vy\u0161\u0161\u00ed, ne\u017e je tomu u klasick\u00fdch z\u00e1me\u010dk\u016f. Dal\u0161\u00ed nev\u00fdhodou pro n\u011bkoho m\u016f\u017ee b\u00fdt to, \u017ee je pot\u0159eba se celkov\u011b v\u00edc starat. Je nutn\u00e9 myslet na spr\u00e1vn\u00e9 nasazov\u00e1n\u00ed, poctiv\u00e9 no\u0161en\u00ed a zv\u00fd\u0161enou hygienu. Pokud v\u00e1m v\u0161ak jde opravdu hlavn\u011b o estetiku, tak se jedn\u00e1 o to nejlep\u0161\u00ed mo\u017en\u00e9 \u0159e\u0161en\u00ed.  Dokonal\u00fd \u00fasm\u011bv, kter\u00fd z\u00edsk\u00e1te snadno a rychle Bez z\u00e1sahu do estetiky, jen m\u00e1lokdo pozn\u00e1, \u017ee jste nositeli P\u0159edem budete zn\u00e1t d\u00e9lku l\u00e9\u010dby Efektivn\u00ed syst\u00e9m, kter\u00fd je ov\u011b\u0159en\u00fd a funguje                                                                                                                                                                                                                                                                                                                                                                                          3.7\/5 - (8 votes)        "},{"@context":"https:\/\/schema.org\/","@type":"BreadcrumbList","itemListElement":[{"@type":"ListItem","position":1,"name":"Estetika na prvn\u00edm m\u00edst\u011b","item":"https:\/\/www.moramedica.cz\/estetika-na-prvnim-miste\/#breadcrumbitem"}]}]