[{"@context":"https:\/\/schema.org\/","@type":"Article","@id":"https:\/\/www.moramedica.cz\/jak-zprijemnit-zamestnancum-praci\/#Article","mainEntityOfPage":"https:\/\/www.moramedica.cz\/jak-zprijemnit-zamestnancum-praci\/","headline":"JAK ZP\u0158\u00cdJEMNIT ZAM\u011aSTNANC\u016eM PR\u00c1CI","name":"JAK ZP\u0158\u00cdJEMNIT ZAM\u011aSTNANC\u016eM PR\u00c1CI","description":"V pr\u00e1ci tr\u00e1v\u00edme osm hodin denn\u011b, skoro cel\u00fd rok. Je tedy pot\u0159eba, aby se v pr\u00e1ci c\u00edtili alespo\u0148 pohodln\u011b a pr\u00e1ce jim rychleji ut\u00edkala. V \u010cesk\u00e9 republice je nejmen\u0161\u00ed nezam\u011bstnanost v Evropsk\u00e9 unii, a proto je ob\u010das sh\u00e1n\u011bn\u00ed zam\u011bstnanc\u016f obt\u00ed\u017en\u00e9. Vznik\u00e1 tak v\u011bt\u0161\u00ed tlak na vedouc\u00ed a majitele. Co by si sami zam\u011bstnanci p\u0159\u00e1li zm\u011bnit a vylep\u0161it? \u00a0 Jak\u00e9 jsou [&hellip;]","datePublished":"2025-03-02","dateModified":"2023-04-29","author":{"@type":"Person","@id":"https:\/\/www.moramedica.cz\/author\/#Person","name":"","url":"https:\/\/www.moramedica.cz\/author\/","identifier":1,"image":{"@type":"ImageObject","@id":"https:\/\/secure.gravatar.com\/avatar\/418160ee289a2fec3674f670db35c39ff464fe73fac536520dac7def2cfdeb26?s=96&d=mm&r=g","url":"https:\/\/secure.gravatar.com\/avatar\/418160ee289a2fec3674f670db35c39ff464fe73fac536520dac7def2cfdeb26?s=96&d=mm&r=g","height":96,"width":96}},"publisher":{"@type":"Organization","name":"moramedica.cz","logo":{"@type":"ImageObject","@id":"\/logo.png","url":"\/logo.png","width":600,"height":60}},"image":{"@type":"ImageObject","@id":"https:\/\/www.moramedica.cz\/wp-content\/uploads\/img_a303880_w2321_t1514666367.jpg","url":"https:\/\/www.moramedica.cz\/wp-content\/uploads\/img_a303880_w2321_t1514666367.jpg","height":0,"width":0},"url":"https:\/\/www.moramedica.cz\/jak-zprijemnit-zamestnancum-praci\/","wordCount":457,"articleBody":"\tV pr\u00e1ci tr\u00e1v\u00edme osm hodin denn\u011b, skoro cel\u00fd rok. Je tedy pot\u0159eba, aby se v pr\u00e1ci c\u00edtili alespo\u0148 pohodln\u011b a pr\u00e1ce jim rychleji ut\u00edkala. V \u010cesk\u00e9 republice je nejmen\u0161\u00ed nezam\u011bstnanost v Evropsk\u00e9 unii, a proto je ob\u010das sh\u00e1n\u011bn\u00ed zam\u011bstnanc\u016f obt\u00ed\u017en\u00e9. Vznik\u00e1 tak v\u011bt\u0161\u00ed tlak na vedouc\u00ed a majitele. Co by si sami zam\u011bstnanci p\u0159\u00e1li zm\u011bnit a vylep\u0161it?\t\u00a0\tJak\u00e9 jsou z\u00e1kladn\u00ed benefity?\tJe\u0161t\u011b ne\u017e p\u0159ejdeme ke zp\u016fsob\u016fm jak pr\u00e1ci zp\u0159\u00edjemnit, \u0159ekn\u011bme si, jak\u00e9 jsou z\u00e1kladn\u00ed zam\u011bstnaneck\u00e9 v\u00fdhody. V prvn\u00ed \u0159ad\u011b by to m\u011bli b\u00fdt \u00falo\u017en\u00e9 prostory, jako nap\u0159\u00edklad \u0161atny nebo sk\u0159\u00ed\u0148ky na oble\u010den\u00ed. D\u00e1le jsou z\u00e1kladem stravenky v r\u016fzn\u00fdch hodnot\u00e1ch nebo p\u011bt t\u00fddn\u016f dovolen\u00e9. D\u00e1le nap\u0159\u00edklad p\u0159\u00edsp\u011bvek na cestu do pr\u00e1ce, mobiln\u00ed tarify pro celou rodinu nebo cel\u00fd mobiln\u00ed telefon.\t\u00a0\tR\u00e1dia\tPokud jsou lid\u00e9 na v\u00fdrob\u011b nebo v hal\u00e1ch, jedin\u00e9 co sly\u0161\u00ed je \u010dasto hluk a monot\u00f3nn\u00ed zvuk stroj\u016f a ma\u0161in. Dejte jim k dispozici r\u00e1dia, aby sly\u0161eli i n\u011bco jin\u00e9ho. Pokud nem\u00e1te pen\u00edze na r\u00e1dia, alespo\u0148 jim povolte vlastn\u00ed a dejte jim elekt\u0159inu. Tak\u00e9 m\u016f\u017eete povolit sluch\u00e1tka, kter\u00e1 jsou v mnoha podnic\u00edch zak\u00e1z\u00e1na. Nebo m\u016f\u017eete nechat zabudovat reproduktory po cel\u00fdch hal\u00e1ch, v\u0161ichni to budou hned m\u00edt jednodu\u0161\u0161\u00ed.\t\u00a0\tD\u00e1rky\tKa\u017ed\u00e9mu ud\u011bl\u00e1 radost mal\u00fd d\u00e1rek nap\u0159\u00edklad na V\u00e1noce. Nemus\u00ed to b\u00fdt nic velk\u00e9ho, sta\u010d\u00ed mali\u010dkost, nap\u0159\u00edklad hrn\u00ed\u010dek, \u010dokol\u00e1du, zmrzlinu. D\u00e1te tak najevo, \u017ee si sv\u00fdch lid\u00ed v\u00e1\u017e\u00edte a mysl\u00edte na n\u011b. To sam\u00e9 m\u016f\u017eete d\u011blat i o narozenin\u00e1ch, pop\u0159ejte jim a pus\u0165te je o hodinu d\u0159\u00edve dom\u016f. Uvid\u00edte, \u017ee budou m\u00edt radost a v\u0161e bude o trochu p\u0159\u00edjemn\u011bj\u0161\u00ed. Mo\u017en\u00e1 V\u00e1m V\u00e1noce trochu zas\u00e1hnou do rozpo\u010dtu, ale nestoj\u00ed to za radost Va\u0161ich lid\u00ed?\t\u00a0\tVzd\u011bl\u00e1n\u00ed\tPokud m\u00e1te tu mo\u017enost, dop\u0159ejte sv\u00fdm zam\u011bstnanc\u016fm v\u011bt\u0161\u00ed vzd\u011bl\u00e1n\u00ed. Po\u0159\u00e1dejte p\u0159edn\u00e1\u0161ky, \u0161kolen\u00ed nebo jim umo\u017en\u011bte studovat dal\u0161\u00ed \u0161koly. Vyjd\u011bte jim vst\u0159\u00edc. Vzd\u011blan\u011bj\u0161\u00ed lid\u00e9 mohou zastat v\u00edce kvalitn\u00ed pr\u00e1ce, v\u00fdhoda je tedy na obou stran\u00e1ch.\t\u00a0\tA na z\u00e1v\u011br, bu\u010fte mil\u00ed. Zbyte\u010dn\u011b nek\u0159i\u010dte a v\u017edy hledejte klidn\u00e9 \u0159e\u0161en\u00ed. Atmosf\u00e9ra na pracovi\u0161ti je to nejd\u016fle\u017eit\u011bj\u0161\u00ed.                                                                                                                                                                                                                                                                                                                                                                                        4.3\/5 - (11 votes)        "},{"@context":"https:\/\/schema.org\/","@type":"BreadcrumbList","itemListElement":[{"@type":"ListItem","position":1,"name":"JAK ZP\u0158\u00cdJEMNIT ZAM\u011aSTNANC\u016eM PR\u00c1CI","item":"https:\/\/www.moramedica.cz\/jak-zprijemnit-zamestnancum-praci\/#breadcrumbitem"}]}]