[{"@context":"https:\/\/schema.org\/","@type":"Article","@id":"https:\/\/www.moramedica.cz\/kazdy-by-se-chtel-citit-tak-dobre-jako-v-pradle-znacky-calvin-klein\/#Article","mainEntityOfPage":"https:\/\/www.moramedica.cz\/kazdy-by-se-chtel-citit-tak-dobre-jako-v-pradle-znacky-calvin-klein\/","headline":"Ka\u017ed\u00fd by se cht\u011bl c\u00edtit tak dob\u0159e jako v pr\u00e1dle zna\u010dky Calvin Klein","name":"Ka\u017ed\u00fd by se cht\u011bl c\u00edtit tak dob\u0159e jako v pr\u00e1dle zna\u010dky Calvin Klein","description":"Spodn\u00ed pr\u00e1dlo Calvin Klein \u017eeny zkr\u00e1tka miluj\u00ed, a ka\u017ed\u00e1 \u017eena, kter\u00e1 si m\u016f\u017ee dovolit vyb\u00edrat ani na chv\u00edli nezav\u00e1h\u00e1 a s\u00e1hne po t\u00e9to zna\u010dce . A v\u016fbec se nen\u00ed \u010demu divit. Zna\u010dka Calvin Klein \u017een\u00e1m slibuje hned n\u011bkolik velk\u00fdch v\u00fdhod najednou. V prvn\u00ed \u0159ad\u011b jde o velice kvalitn\u00ed materi\u00e1l, ze kter\u00e9ho je spodn\u00ed pr\u00e1dlo vyrobeno. Padne v\u00e1m toti\u017e jako ulit\u00e9 [&hellip;]","datePublished":"2017-09-05","dateModified":"2023-04-29","author":{"@type":"Person","@id":"https:\/\/www.moramedica.cz\/author\/#Person","name":"","url":"https:\/\/www.moramedica.cz\/author\/","identifier":1,"image":{"@type":"ImageObject","@id":"https:\/\/secure.gravatar.com\/avatar\/418160ee289a2fec3674f670db35c39ff464fe73fac536520dac7def2cfdeb26?s=96&d=mm&r=g","url":"https:\/\/secure.gravatar.com\/avatar\/418160ee289a2fec3674f670db35c39ff464fe73fac536520dac7def2cfdeb26?s=96&d=mm&r=g","height":96,"width":96}},"publisher":{"@type":"Organization","name":"moramedica.cz","logo":{"@type":"ImageObject","@id":"\/logo.png","url":"\/logo.png","width":600,"height":60}},"image":{"@type":"ImageObject","@id":"https:\/\/www.moramedica.cz\/wp-content\/uploads\/img_a298514_w2217_t1508844365.jpg","url":"https:\/\/www.moramedica.cz\/wp-content\/uploads\/img_a298514_w2217_t1508844365.jpg","height":0,"width":0},"url":"https:\/\/www.moramedica.cz\/kazdy-by-se-chtel-citit-tak-dobre-jako-v-pradle-znacky-calvin-klein\/","about":["Kultura"],"wordCount":429,"articleBody":"Spodn\u00ed pr\u00e1dlo Calvin Klein \u017eeny zkr\u00e1tka miluj\u00ed, a ka\u017ed\u00e1 \u017eena, kter\u00e1 si m\u016f\u017ee dovolit vyb\u00edrat ani na chv\u00edli nezav\u00e1h\u00e1 a s\u00e1hne po t\u00e9to zna\u010dce . A v\u016fbec se nen\u00ed \u010demu divit. Zna\u010dka Calvin Klein \u017een\u00e1m slibuje hned n\u011bkolik velk\u00fdch v\u00fdhod najednou. V prvn\u00ed \u0159ad\u011b jde o velice kvalitn\u00ed materi\u00e1l, ze kter\u00e9ho je spodn\u00ed pr\u00e1dlo vyrobeno. Padne v\u00e1m toti\u017e jako ulit\u00e9 a nikdy se v n\u011bm nebudete c\u00edtit nesv\u00e1. Je to d\u00e1no skv\u011bl\u00fdm, prody\u0161n\u00fdm materi\u00e1lem, kter\u00fd za v\u00e1s d\u00fdch\u00e1 jako by to byla va\u0161e druh\u00e1 k\u016f\u017ee. Tak\u017ee je to vlastn\u011b tak, \u017ee jej na sv\u00e9m t\u011ble ani nec\u00edt\u00edte. A to se cen\u00ed, zvl\u00e1\u0161t\u011b ve vypjat\u00fdch situac\u00edch, kdy se pot\u00edte. A je jedno, zda je to v zam\u011bstn\u00e1n\u00ed anebo p\u0159i sportu. V tomto pr\u00e1dle v\u00e1m zkr\u00e1tka ani v takov\u00e9 chv\u00edli nebude nep\u0159\u00edjemn\u011b. Dal\u0161\u00ed v\u00fdhodou, kterou v\u00e1m p\u0159in\u00e1\u0161\u00ed no\u0161en\u00ed tohoto pr\u00e1dla je pohodln\u00fd, propracovan\u00fd st\u0159ih. A v\u0161ichni, kdo se v tom jen trochu vyznaj\u00ed v\u00e1m potvrd\u00ed, \u017ee na dobr\u00e9m st\u0159ihu velmi z\u00e1le\u017e\u00ed. M\u016f\u017eete si toti\u017e vybrat i ty nejluxusn\u011bj\u0161\u00ed kalhotky \u010di podprsenku z toho nejlep\u0161\u00edho materi\u00e1lu, ov\u0161em pokud nebudou dob\u0159e st\u0159i\u017een\u00e9, tak se v nich zkr\u00e1tka nikdy nebudete c\u00edtit dob\u0159e. Ka\u017ed\u00e1 \u017eena m\u00e1 trochu jinou postavu a ka\u017ed\u00e9 sedne n\u011bco jin\u00e9ho. A naj\u00edt spodn\u00ed pr\u00e1dlo, kter\u00e9 se vyzna\u010duje padnouc\u00edm, pohodln\u00fdm st\u0159ihem, to je zkr\u00e1tka v\u00fdhra. A do t\u0159etice v\u0161eho dobr\u00e9ho. \u017deny p\u0159i no\u0161en\u00ed sv\u00e9ho spodn\u00edho pr\u00e1dla nemysl\u00ed jen na sv\u00e9 vlastn\u00ed pohodl\u00ed, ale z\u00e1le\u017e\u00ed jim tak\u00e9 na tom, jak v tomto pr\u00e1dle vypadaj\u00ed. Zkr\u00e1tka se cht\u011bj\u00ed l\u00edbit, a to bu\u010f sv\u00e9mu partnerovi anebo i komukoli jin\u00e9mu, kdo je ve spodn\u00edm pr\u00e1dle zrovna uvid\u00ed. Tak\u017ee vizitkou kvalitn\u00edho pr\u00e1dla jsou mimo jin\u00e9 i l\u00edbiv\u00e9 a sv\u016fdn\u00e9 tvary, kter\u00e9 s va\u0161\u00ed postavou vykouzl\u00ed. V\u017edy\u0165 ka\u017ed\u00e1 \u017eena se chce c\u00edtit sexy.A to v\u0161e najednou v\u00e1m slibuje koup\u011b spodn\u00edho pr\u00e1dla Calvin Klein, tak\u017ee je naprosto jasn\u00e9, \u017ee se to i za vy\u0161\u0161\u00ed cenu oproti levn\u00e9mu, tuctov\u00e9mu pr\u00e1dlu rozhodn\u011b vyplat\u00ed.                                                                                                                                                                                                                                                                                                                                                                                        4.4\/5 - (13 votes)        "},{"@context":"https:\/\/schema.org\/","@type":"BreadcrumbList","itemListElement":[{"@type":"ListItem","position":1,"name":"Ka\u017ed\u00fd by se cht\u011bl c\u00edtit tak dob\u0159e jako v pr\u00e1dle zna\u010dky Calvin Klein","item":"https:\/\/www.moramedica.cz\/kazdy-by-se-chtel-citit-tak-dobre-jako-v-pradle-znacky-calvin-klein\/#breadcrumbitem"}]}]