[{"@context":"https:\/\/schema.org\/","@type":"Article","@id":"https:\/\/www.moramedica.cz\/nejen-pro-krasu-ale-predevsim-komfort\/#Article","mainEntityOfPage":"https:\/\/www.moramedica.cz\/nejen-pro-krasu-ale-predevsim-komfort\/","headline":"Nejen pro kr\u00e1su, ale p\u0159edev\u0161\u00edm komfort","name":"Nejen pro kr\u00e1su, ale p\u0159edev\u0161\u00edm komfort","description":"P\u0159em\u00fd\u0161l\u00edte, jak z\u00fatulnit v\u00e1\u0161 byt \u010di d\u016fm? Za\u010dn\u011bte s interi\u00e9rov\u00fdmi dve\u0159mi. Proto\u017ee pr\u00e1v\u011b touto volbou si zajist\u00edte, \u017ee va\u0161e bydlen\u00ed prokoukne a dostane n\u00e1dech novoty. Ka\u017ed\u00fd, kdo k v\u00e1m vejde na n\u00e1v\u0161t\u011bvu, uvid\u00ed nejprve kr\u00e1sn\u00e9 dve\u0159e, kter\u00fdmi mus\u00ed proj\u00edt. Nejde v\u0161ak jen o kr\u00e1su a esteti\u010dnost, ale tak\u00e9 o spln\u011bn\u00ed funkce a p\u0159edev\u0161\u00edm o bezpe\u010dnost va\u0161eho domova. Tak nev\u00e1hejte, p\u0159ij\u010fte [&hellip;]","datePublished":"2024-12-24","dateModified":"2024-12-24","author":{"@type":"Person","@id":"https:\/\/www.moramedica.cz\/author\/#Person","name":"","url":"https:\/\/www.moramedica.cz\/author\/","identifier":1,"image":{"@type":"ImageObject","@id":"https:\/\/secure.gravatar.com\/avatar\/418160ee289a2fec3674f670db35c39ff464fe73fac536520dac7def2cfdeb26?s=96&d=mm&r=g","url":"https:\/\/secure.gravatar.com\/avatar\/418160ee289a2fec3674f670db35c39ff464fe73fac536520dac7def2cfdeb26?s=96&d=mm&r=g","height":96,"width":96}},"publisher":{"@type":"Organization","name":"moramedica.cz","logo":{"@type":"ImageObject","@id":"\/logo.png","url":"\/logo.png","width":600,"height":60}},"url":"https:\/\/www.moramedica.cz\/nejen-pro-krasu-ale-predevsim-komfort\/","wordCount":177,"articleBody":"P\u0159em\u00fd\u0161l\u00edte, jak z\u00fatulnit v\u00e1\u0161 byt \u010di d\u016fm? Za\u010dn\u011bte s interi\u00e9rov\u00fdmi dve\u0159mi. Proto\u017ee pr\u00e1v\u011b touto volbou si zajist\u00edte, \u017ee va\u0161e bydlen\u00ed prokoukne a dostane n\u00e1dech novoty. Ka\u017ed\u00fd, kdo k v\u00e1m vejde na n\u00e1v\u0161t\u011bvu, uvid\u00ed nejprve kr\u00e1sn\u00e9 dve\u0159e, kter\u00fdmi mus\u00ed proj\u00edt. Nejde v\u0161ak jen o kr\u00e1su a esteti\u010dnost, ale tak\u00e9 o spln\u011bn\u00ed funkce a p\u0159edev\u0161\u00edm o bezpe\u010dnost va\u0161eho domova. Tak nev\u00e1hejte, p\u0159ij\u010fte a vyberte si p\u0159esn\u011b podle va\u0161eho p\u0159\u00e1n\u00ed a vkusu. \u0160irok\u00e1 nab\u00eddka Nab\u00edz\u00edme nep\u0159ebern\u011b \u0161irokou \u0161k\u00e1lu produkt\u016f, tak\u017ee je u n\u00e1s opravdu z \u010deho vyb\u00edrat. A to nejen z mo\u017enosti kombinace barev a \u0159ady model\u016f, ale p\u0159edev\u0161\u00edm d\u016fslednou volbou materi\u00e1lu, ze kter\u00e9ho vyr\u00e1b\u00edme na\u0161e v\u00fdrobky. Materi\u00e1l je v\u017edy kvalitn\u00ed a spl\u0148uj\u00edc\u00ed v\u0161echny nadstandardn\u00ed pot\u0159eby.                                                                                                                                                                                                                                                                                                                                                                                        3.2\/5 - (4 votes)        "},{"@context":"https:\/\/schema.org\/","@type":"BreadcrumbList","itemListElement":[{"@type":"ListItem","position":1,"name":"Nejen pro kr\u00e1su, ale p\u0159edev\u0161\u00edm komfort","item":"https:\/\/www.moramedica.cz\/nejen-pro-krasu-ale-predevsim-komfort\/#breadcrumbitem"}]}]