[{"@context":"https:\/\/schema.org\/","@type":"Article","@id":"https:\/\/www.moramedica.cz\/rozlucte-se-s-uklidem\/#Article","mainEntityOfPage":"https:\/\/www.moramedica.cz\/rozlucte-se-s-uklidem\/","headline":"Rozlu\u010dte se s \u00faklidem","name":"Rozlu\u010dte se s \u00faklidem","description":"Ne, nechceme po v\u00e1s, abyste \u017eili ve \u0161p\u00edn\u011b, ale nab\u00edz\u00edme v\u00e1m profesion\u00e1ln\u00ed slu\u017eby, kter\u00e9 v\u00e1s nezruinuj\u00ed, a nav\u00edc v\u00e1m vykouzl\u00ed \u010dist\u00fd a \u00fatuln\u00fd domov. S \u010di\u0161t\u011bn\u00edm koberc\u016f v Praze se zbav\u00edte ve\u0161ker\u00fdch ne\u010distot jak\u00e9hokoliv p\u016fvodu. Z\u00e1le\u017e\u00ed jen na v\u00e1s, jak\u00e9 \u00fakony po n\u00e1s budete vy\u017eadovat. V\u0161echny pr\u00e1ce najdete na na\u0161em webu, stejn\u011b jako cen\u00edk prac\u00ed. Zavolat si n\u00e1s m\u016f\u017eete kdykoliv, [&hellip;]","datePublished":"2023-06-07","dateModified":"2024-06-09","author":{"@type":"Person","@id":"https:\/\/www.moramedica.cz\/author\/#Person","name":"","url":"https:\/\/www.moramedica.cz\/author\/","identifier":1,"image":{"@type":"ImageObject","@id":"https:\/\/secure.gravatar.com\/avatar\/418160ee289a2fec3674f670db35c39ff464fe73fac536520dac7def2cfdeb26?s=96&d=mm&r=g","url":"https:\/\/secure.gravatar.com\/avatar\/418160ee289a2fec3674f670db35c39ff464fe73fac536520dac7def2cfdeb26?s=96&d=mm&r=g","height":96,"width":96}},"publisher":{"@type":"Organization","name":"moramedica.cz","logo":{"@type":"ImageObject","@id":"\/logo.png","url":"\/logo.png","width":600,"height":60}},"url":"https:\/\/www.moramedica.cz\/rozlucte-se-s-uklidem\/","wordCount":213,"articleBody":"Ne, nechceme po v\u00e1s, abyste \u017eili ve \u0161p\u00edn\u011b, ale nab\u00edz\u00edme v\u00e1m profesion\u00e1ln\u00ed slu\u017eby, kter\u00e9 v\u00e1s nezruinuj\u00ed, a nav\u00edc v\u00e1m vykouzl\u00ed \u010dist\u00fd a \u00fatuln\u00fd domov. S \u010di\u0161t\u011bn\u00edm koberc\u016f v Praze se zbav\u00edte ve\u0161ker\u00fdch ne\u010distot jak\u00e9hokoliv p\u016fvodu. Z\u00e1le\u017e\u00ed jen na v\u00e1s, jak\u00e9 \u00fakony po n\u00e1s budete vy\u017eadovat. V\u0161echny pr\u00e1ce najdete na na\u0161em webu, stejn\u011b jako cen\u00edk prac\u00ed. Zavolat si n\u00e1s m\u016f\u017eete kdykoliv, ve v\u0161edn\u00ed dny i ve sv\u00e1tky.\t\u017d\u00e1dn\u00e9 pochybn\u00e9 existenceZavolali jste si n\u011bkdy k sob\u011b dom\u016f \u00faklidovou firmu, ale nec\u00edtili sjet se v jejich p\u0159\u00edtomnosti bezpe\u010dn\u011b, proto\u017ee \u0161lo o ciz\u00ed n\u00e1rodnosti? U n\u00e1s se to nestane. Zam\u011bstn\u00e1v\u00e1me pouze \u010cechy s \u010dist\u00fdm trestn\u00edm rejst\u0159\u00edkem, se solidn\u00edm a p\u0159\u00edjemn\u00fdm vystupov\u00e1n\u00edm, a pro co nejkvalitn\u011bj\u0161\u00ed pr\u00e1ce je pravideln\u011b \u0161kol\u00edme. V\u017edy m\u00e1te zaru\u010deno, \u017ee budou zn\u00e1t nejnov\u011bj\u0161\u00ed \u00faklidov\u00e9 prost\u0159edky a jejich kombinace, aby dos\u00e1hli co nejlep\u0161\u00edho v\u00fdsledku. Rozhodn\u011bte se spr\u00e1vn\u011b, a zavolejte n\u00e1m, uklid\u00edme v\u00e1m jak\u00fdkoliv nepo\u0159\u00e1dek.                                                                                                                                                                                                                                                                                                                                                                                        4.5\/5 - (14 votes)        "},{"@context":"https:\/\/schema.org\/","@type":"BreadcrumbList","itemListElement":[{"@type":"ListItem","position":1,"name":"Rozlu\u010dte se s \u00faklidem","item":"https:\/\/www.moramedica.cz\/rozlucte-se-s-uklidem\/#breadcrumbitem"}]}]