[{"@context":"https:\/\/schema.org\/","@type":"Article","@id":"https:\/\/www.moramedica.cz\/vyuzijte-prakticnosti-klicenky-na-krk\/#Article","mainEntityOfPage":"https:\/\/www.moramedica.cz\/vyuzijte-prakticnosti-klicenky-na-krk\/","headline":"Vyu\u017eijte prakti\u010dnosti kl\u00ed\u010denky na krk","name":"Vyu\u017eijte prakti\u010dnosti kl\u00ed\u010denky na krk","description":"Kl\u00ed\u010de jsou p\u0159edm\u011bt, kter\u00fd m\u00e1 s velkou pravd\u011bpodobnost\u00ed u sebe ka\u017ed\u00fd, kdo opou\u0161t\u00ed byt. Kdy\u017e si je ov\u0161em zav\u011bs\u00edte na \u0161\u0148\u016frku, bude to mnohem prakti\u010dt\u011bj\u0161\u00ed. \u0160\u0148\u016frka je dlouh\u00e1 \u2013 \u0161\u0148\u016frku si samoz\u0159ejm\u011b m\u016f\u017eete zav\u011bsit na krk, tak\u017ee m\u00e1te voln\u00e9 ruce a tak\u00e9 voln\u00e9 kapsy. Kl\u00ed\u010de po kaps\u00e1ch mohou sv\u00fdmi zuby rozed\u0159\u00edt textil a po\u0161kodit v\u00e1m kalhoty nebo \u0161ortky, stejn\u011b tak [&hellip;]","datePublished":"2022-05-13","dateModified":"2023-04-29","author":{"@type":"Person","@id":"https:\/\/www.moramedica.cz\/author\/#Person","name":"","url":"https:\/\/www.moramedica.cz\/author\/","identifier":1,"image":{"@type":"ImageObject","@id":"https:\/\/secure.gravatar.com\/avatar\/418160ee289a2fec3674f670db35c39ff464fe73fac536520dac7def2cfdeb26?s=96&d=mm&r=g","url":"https:\/\/secure.gravatar.com\/avatar\/418160ee289a2fec3674f670db35c39ff464fe73fac536520dac7def2cfdeb26?s=96&d=mm&r=g","height":96,"width":96}},"publisher":{"@type":"Organization","name":"moramedica.cz","logo":{"@type":"ImageObject","@id":"\/logo.png","url":"\/logo.png","width":600,"height":60}},"image":{"@type":"ImageObject","@id":"https:\/\/www.moramedica.cz\/wp-content\/uploads\/key-3276525_640.jpg","url":"https:\/\/www.moramedica.cz\/wp-content\/uploads\/key-3276525_640.jpg","height":0,"width":0},"url":"https:\/\/www.moramedica.cz\/vyuzijte-prakticnosti-klicenky-na-krk\/","about":["N\u00e1kupy"],"wordCount":426,"articleBody":"   Kl\u00ed\u010de jsou p\u0159edm\u011bt, kter\u00fd m\u00e1 s velkou pravd\u011bpodobnost\u00ed u sebe ka\u017ed\u00fd, kdo opou\u0161t\u00ed byt. Kdy\u017e si je ov\u0161em zav\u011bs\u00edte na \u0161\u0148\u016frku, bude to mnohem prakti\u010dt\u011bj\u0161\u00ed.\u0160\u0148\u016frka je dlouh\u00e1 \u2013 \u0161\u0148\u016frku si samoz\u0159ejm\u011b m\u016f\u017eete zav\u011bsit na krk, tak\u017ee m\u00e1te voln\u00e9 ruce a tak\u00e9 voln\u00e9 kapsy. Kl\u00ed\u010de po kaps\u00e1ch mohou sv\u00fdmi zuby rozed\u0159\u00edt textil a po\u0161kodit v\u00e1m kalhoty nebo \u0161ortky, stejn\u011b tak mohou prod\u0159\u00edt va\u0161e zavazadla. Na krku jen vis\u00ed a tam nezp\u016fsob\u00ed \u017e\u00e1dnou \u0161kodu.Je to antistres \u2013 se \u0161\u0148\u016frkou si m\u016f\u017eete pohr\u00e1vat v ruce, ot\u00e1\u010det s n\u00ed, pohazovat si s n\u00ed, spl\u00e9tat j\u00ed do uzl\u00edk\u016f, zkr\u00e1tka je to p\u0159edm\u011bt na hran\u00ed v situac\u00edch, kdy se dost\u00e1v\u00e1te n\u011bkde pod tlak, nap\u0159. na \u00fa\u0159adech. Podobn\u00fdm zp\u016fsobem pom\u00e1haj\u00ed i r\u016fzn\u00e9 m\u00ed\u010dky anebo tzv. inteligentn\u00ed plastel\u00edna.Jsou praktick\u00e9 pro d\u011bti \u2013 u\u017e za socialismu, kdy\u017e si d\u011bti \u0161ly hr\u00e1t ven, a m\u011bly u sebe pouze kl\u00ed\u010de, tedy \u017e\u00e1dn\u00fd mobil ani tablet a podobn\u00e9 vymo\u017eenosti, m\u011bli situaci mnohem snaz\u0161\u00ed, ne\u017e m\u00e1me dnes. Nem\u011bly toti\u017e tolik starost\u00ed, nemusely db\u00e1t o to, aby se jim mobil nepo\u0161kodil, nenamokl, nespadl na zem, aby jej n\u011bkdo neukradl apod. D\u011bti se tehdy staraly hlavn\u011b o to, aby neztratily kl\u00ed\u010de, a k tomu jim v\u00fdrazn\u011b dopom\u00e1hala \u0161\u0148\u016frka na krku. Kl\u00ed\u010de zav\u011b\u0161en\u00e9 na \u0161\u0148\u016frce byly viditeln\u00e9 a nep\u0159ehl\u00e9dnuteln\u00e9 a to sam\u00e9 m\u016f\u017eete zopakovat i vy s va\u0161imi ratolestmi.\u0160\u0148\u016frka je barevn\u00e1 a dob\u0159e viditeln\u00e1 \u2013 stalo se v\u00e1m n\u011bkdy, \u017ee jste hledali kl\u00ed\u010de a trvalo v\u00e1m p\u0159es p\u016fl hodiny, ne\u017e jste je objevili? Kdy\u017e se jedn\u00e1 o mal\u00fd svazek kl\u00ed\u010d\u016f, ten je pom\u011brn\u011b m\u00e1lo n\u00e1padn\u00fd, zbarven\u00fd i s krou\u017ekem do kovov\u00e9 \u0161edi, tak\u017ee jej snadno p\u0159ehl\u00e9dnete. Lep\u0161\u00ed je, kdy\u017e m\u00e1te kl\u00ed\u010de barevn\u011b ozna\u010den\u00e9 plastov\u00fdmi vlo\u017ekami, nebo jde-li o kl\u00ed\u010de barevn\u00e9, eloxovan\u00e9, ze slitiny hlin\u00edku, ty jsou l\u00e9pe viditeln\u00e9, ov\u0161em jsou to st\u00e1le jen kl\u00ed\u010de, pom\u011brn\u011b mal\u00e1 v\u011bc. Opat\u0159\u00edte-li je barevnou \u0161\u0148\u016frkou, kl\u00ed\u010denkou na krk, ta je pom\u011brn\u011b dlouh\u00e1 a nen\u00ed tak p\u0159ehl\u00e9dnuteln\u00e1, zvl\u00e1\u0161t\u011b pokud bude barevn\u00e1 v syt\u00fdch a k\u0159iklav\u00fdch odst\u00ednech \u010derven\u00e9, tyrkysov\u00e9, \u017elut\u00e9, oran\u017eov\u00e9 nebo fialov\u00e9.                                                                                                                                                                                                                                                                                                                                                                                          4.7\/5 - (13 votes)        "},{"@context":"https:\/\/schema.org\/","@type":"BreadcrumbList","itemListElement":[{"@type":"ListItem","position":1,"name":"Vyu\u017eijte prakti\u010dnosti kl\u00ed\u010denky na krk","item":"https:\/\/www.moramedica.cz\/vyuzijte-prakticnosti-klicenky-na-krk\/#breadcrumbitem"}]}]