{"@context":"https:\/\/schema.org\/","@type":"CollectionPage","@id":"https:\/\/www.moramedica.cz\/zabava\/#CollectionPage","headline":"Z\u00e1bava Category","description":"","url":"https:\/\/www.moramedica.cz\/zabava\/","hasPart":[{"@type":"Article","@id":"https:\/\/www.moramedica.cz\/darujte-voucher-na-foceni-darek-ktery-vykouzli-usmev-na-tvari-kazde-tehulky-miminka-i-cele-rodiny\/","headline":"Darujte voucher na focen\u00ed: D\u00e1rek, kter\u00fd vykouzl\u00ed \u00fasm\u011bv na tv\u00e1\u0159i ka\u017ed\u00e9 t\u011bhulky, miminka i cel\u00e9 rodiny","url":"https:\/\/www.moramedica.cz\/darujte-voucher-na-foceni-darek-ktery-vykouzli-usmev-na-tvari-kazde-tehulky-miminka-i-cele-rodiny\/","datePublished":"2024-10-15","dateModified":"2024-10-15","mainEntityOfPage":"https:\/\/www.moramedica.cz\/darujte-voucher-na-foceni-darek-ktery-vykouzli-usmev-na-tvari-kazde-tehulky-miminka-i-cele-rodiny\/","author":{"@type":"Person","@id":"https:\/\/www.moramedica.cz\/author\/#Person","name":"","url":"https:\/\/www.moramedica.cz\/author\/","identifier":1,"image":{"@type":"ImageObject","@id":"https:\/\/secure.gravatar.com\/avatar\/418160ee289a2fec3674f670db35c39ff464fe73fac536520dac7def2cfdeb26?s=96&d=mm&r=g","url":"https:\/\/secure.gravatar.com\/avatar\/418160ee289a2fec3674f670db35c39ff464fe73fac536520dac7def2cfdeb26?s=96&d=mm&r=g","height":96,"width":96}},"publisher":{"@type":"Organization","name":"moramedica.cz","logo":{"@type":"ImageObject","@id":"\/logo.png","url":"\/logo.png","width":600,"height":60}},"image":{"@type":"ImageObject","@id":"https:\/\/www.moramedica.cz\/wp-content\/uploads\/voucher_na_foceni_UQSCJ6.jpg","url":"https:\/\/www.moramedica.cz\/wp-content\/uploads\/voucher_na_foceni_UQSCJ6.jpg","height":0,"width":0},"keywords":null},{"@type":"Article","@id":"https:\/\/www.moramedica.cz\/zabavny-program-na-cely-vikend\/","headline":"Z\u00e1bavn\u00fd program na cel\u00fd v\u00edkend","url":"https:\/\/www.moramedica.cz\/zabavny-program-na-cely-vikend\/","datePublished":"2022-01-09","dateModified":"2023-04-29","mainEntityOfPage":"https:\/\/www.moramedica.cz\/zabavny-program-na-cely-vikend\/","author":{"@type":"Person","@id":"https:\/\/www.moramedica.cz\/author\/#Person","name":"","url":"https:\/\/www.moramedica.cz\/author\/","identifier":1,"image":{"@type":"ImageObject","@id":"https:\/\/secure.gravatar.com\/avatar\/418160ee289a2fec3674f670db35c39ff464fe73fac536520dac7def2cfdeb26?s=96&d=mm&r=g","url":"https:\/\/secure.gravatar.com\/avatar\/418160ee289a2fec3674f670db35c39ff464fe73fac536520dac7def2cfdeb26?s=96&d=mm&r=g","height":96,"width":96}},"publisher":{"@type":"Organization","name":"moramedica.cz","logo":{"@type":"ImageObject","@id":"\/logo.png","url":"\/logo.png","width":600,"height":60}},"image":{"@type":"ImageObject","@id":"https:\/\/www.moramedica.cz\/wp-content\/uploads\/tree-g937683854_640.jpg","url":"https:\/\/www.moramedica.cz\/wp-content\/uploads\/tree-g937683854_640.jpg","height":0,"width":0},"keywords":null},{"@type":"Article","@id":"https:\/\/www.moramedica.cz\/novy-rok-s-oslavami-jak-se-patri\/","headline":"Nov\u00fd rok s oslavami, jak se pat\u0159\u00ed","url":"https:\/\/www.moramedica.cz\/novy-rok-s-oslavami-jak-se-patri\/","datePublished":"2019-12-17","dateModified":"2023-04-29","mainEntityOfPage":"https:\/\/www.moramedica.cz\/novy-rok-s-oslavami-jak-se-patri\/","author":{"@type":"Person","@id":"https:\/\/www.moramedica.cz\/author\/#Person","name":"","url":"https:\/\/www.moramedica.cz\/author\/","identifier":1,"image":{"@type":"ImageObject","@id":"https:\/\/secure.gravatar.com\/avatar\/418160ee289a2fec3674f670db35c39ff464fe73fac536520dac7def2cfdeb26?s=96&d=mm&r=g","url":"https:\/\/secure.gravatar.com\/avatar\/418160ee289a2fec3674f670db35c39ff464fe73fac536520dac7def2cfdeb26?s=96&d=mm&r=g","height":96,"width":96}},"publisher":{"@type":"Organization","name":"moramedica.cz","logo":{"@type":"ImageObject","@id":"\/logo.png","url":"\/logo.png","width":600,"height":60}},"image":{"@type":"ImageObject","@id":"https:\/\/www.moramedica.cz\/wp-content\/uploads\/img_a364306_w3357_t1577092930.jpg","url":"https:\/\/www.moramedica.cz\/wp-content\/uploads\/img_a364306_w3357_t1577092930.jpg","height":0,"width":0},"keywords":null},{"@type":"Article","@id":"https:\/\/www.moramedica.cz\/proc-to-nejde\/","headline":"Pro\u010d to nejde?","url":"https:\/\/www.moramedica.cz\/proc-to-nejde\/","datePublished":"2018-05-16","dateModified":"2023-04-29","mainEntityOfPage":"https:\/\/www.moramedica.cz\/proc-to-nejde\/","author":{"@type":"Person","@id":"https:\/\/www.moramedica.cz\/author\/#Person","name":"","url":"https:\/\/www.moramedica.cz\/author\/","identifier":1,"image":{"@type":"ImageObject","@id":"https:\/\/secure.gravatar.com\/avatar\/418160ee289a2fec3674f670db35c39ff464fe73fac536520dac7def2cfdeb26?s=96&d=mm&r=g","url":"https:\/\/secure.gravatar.com\/avatar\/418160ee289a2fec3674f670db35c39ff464fe73fac536520dac7def2cfdeb26?s=96&d=mm&r=g","height":96,"width":96}},"publisher":{"@type":"Organization","name":"moramedica.cz","logo":{"@type":"ImageObject","@id":"\/logo.png","url":"\/logo.png","width":600,"height":60}},"image":{"@type":"ImageObject","@id":"https:\/\/www.moramedica.cz\/wp-content\/uploads\/img_a320497_w1744_t1531767612.jpg","url":"https:\/\/www.moramedica.cz\/wp-content\/uploads\/img_a320497_w1744_t1531767612.jpg","height":0,"width":0},"keywords":null}]}